{"id":13051,"date":"2013-10-16T22:00:00","date_gmt":"2013-10-16T20:00:00","guid":{"rendered":"http:\/\/51.210.246.10\/blog\/le-numerique-et-les-dirigeants-francais-des-efforts-restent-faire\/"},"modified":"2024-07-19T14:48:51","modified_gmt":"2024-07-19T12:48:51","slug":"le-numerique-et-les-dirigeants-francais-des-efforts-restent-faire","status":"publish","type":"post","link":"https:\/\/continew.fr\/en\/blog\/le-numerique-et-les-dirigeants-francais-des-efforts-restent-faire\/","title":{"rendered":"Le num\u00e9rique et les dirigeants fran\u00e7ais : le mariage n&rsquo;est pas consomm\u00e9"},"content":{"rendered":"<p>67,4 sur 100, tel est le niveau de maturit\u00e9 num\u00e9rique des dirigeants fran\u00e7ais \u00e9valu\u00e9 par le barom\u00e8tre IDC, Syntec Num\u00e9rique et Top management*. Bien que conscients des enjeux li\u00e9s \u00e0 la r\u00e9volution num\u00e9rique, les dirigeants semblent ne pas en avoir tir\u00e9 toutes les cons\u00e9quences, et ce malgr\u00e9 une progression de 4 points compar\u00e9 \u00e0 2012.<\/p>\n\n\n\n<h2 class=\"wp-block-heading\">Les actifs num\u00e9riques pas encore per\u00e7us comme critiques pour l&rsquo;entreprise<\/h2>\n\n\n\n<p>Ce manque de maturit\u00e9 s\u2019explique en partie par une connaissance moyenne des nouvelles technologies et du num\u00e9rique en g\u00e9n\u00e9ral, \u00e9valu\u00e9e \u00e0 54 sur 100 par le barom\u00e8tre.&nbsp; Les dirigeants fran\u00e7ais placent toutefois le num\u00e9rique en priorit\u00e9 forte de l\u2019entreprise m\u00eame s&rsquo;il reste peu valoris\u00e9 comme actif critique de l\u2019entreprise.<\/p>\n\n\n\n<p>La reconnaissance du num\u00e9rique au sein de l\u2019entreprise a fait l\u2019objet d\u2019un traitement particulier dans l\u2019enqu\u00eate. On&nbsp; constate une progression de cette reconnaissance mais \u00e9galement des attentes beaucoup plus fortes en termes d&rsquo;agilit\u00e9, de co\u00fbts et de s\u00e9curit\u00e9.<\/p>\n\n\n\n<h2 class=\"wp-block-heading\">Le num\u00e9rique, \u00e9l\u00e9ment \u00e0 part enti\u00e8re de la r\u00e9ussite \u00e9conomique<\/h2>\n\n\n\n<p>&nbsp;\u00ab Les mutations \u00e9conomiques et soci\u00e9tales induites par le num\u00e9rique sont consid\u00e9rables. Les dirigeants fran\u00e7ais doivent encore prendre toute la mesure de leurs impacts potentiels sur leur business \u00bb concluent les auteurs de ce barom\u00e8tre.<\/p>\n\n\n\n<p>Find out more<\/p>\n\n\n\n<p><a href=\"http:\/\/www.syntec-numerique.fr\/sites\/default\/files\/related_docs\/barometre_idc_sn_maturite_numerique_des_dirigeants_oct2013.pdf\" target=\"_blank\" rel=\"noopener\">Barom\u00e8tre Syntec Num\u00e9rique, IDC France, Top Management France. La maturit\u00e9 num\u00e9rique des dirigeants fran\u00e7ais \u2013 2\u00e8me \u00e9dition<\/a><\/p>\n\n\n\n<p><a href=\"\/en\/\">S\u00e9curiser ses actifs num\u00e9riques, une priorit\u00e9 pour les entreprises fran\u00e7aises<\/a><\/p>","protected":false},"excerpt":{"rendered":"<p>67,4 sur 100, tel est le niveau de maturit&eacute; num&eacute;rique des dirigeants fran&ccedil;ais &eacute;valu&eacute; par le barom&egrave;tre IDC, Syntec Num&eacute;rique et Top management.&nbsp;Bien que conscients des enjeux li&eacute;s &agrave; la r&eacute;volution num&eacute;rique, les dirigeants semblent ne pas en avoir tir&eacute; toutes les cons&eacute;quences, et ce malgr&eacute; une progression de 4 points compar&eacute; &agrave; 2012&#8230;<\/p>","protected":false},"author":1,"featured_media":0,"comment_status":"closed","ping_status":"closed","sticky":false,"template":"","format":"standard","meta":{"inline_featured_image":false,"footnotes":""},"categories":[71],"tags":[],"class_list":["post-13051","post","type-post","status-publish","format-standard","hentry","category-protection-des-donnees"],"featured_image_src":{"landsacpe":false,"list":false,"medium":false,"full":false},"_links":{"self":[{"href":"https:\/\/continew.fr\/en\/wp-json\/wp\/v2\/posts\/13051","targetHints":{"allow":["GET"]}}],"collection":[{"href":"https:\/\/continew.fr\/en\/wp-json\/wp\/v2\/posts"}],"about":[{"href":"https:\/\/continew.fr\/en\/wp-json\/wp\/v2\/types\/post"}],"author":[{"embeddable":true,"href":"https:\/\/continew.fr\/en\/wp-json\/wp\/v2\/users\/1"}],"replies":[{"embeddable":true,"href":"https:\/\/continew.fr\/en\/wp-json\/wp\/v2\/comments?post=13051"}],"version-history":[{"count":2,"href":"https:\/\/continew.fr\/en\/wp-json\/wp\/v2\/posts\/13051\/revisions"}],"predecessor-version":[{"id":14642,"href":"https:\/\/continew.fr\/en\/wp-json\/wp\/v2\/posts\/13051\/revisions\/14642"}],"wp:attachment":[{"href":"https:\/\/continew.fr\/en\/wp-json\/wp\/v2\/media?parent=13051"}],"wp:term":[{"taxonomy":"category","embeddable":true,"href":"https:\/\/continew.fr\/en\/wp-json\/wp\/v2\/categories?post=13051"},{"taxonomy":"post_tag","embeddable":true,"href":"https:\/\/continew.fr\/en\/wp-json\/wp\/v2\/tags?post=13051"}],"curies":[{"name":"wp","href":"https:\/\/api.w.org\/{rel}","templated":true}]}}