{"id":13029,"date":"2015-09-11T13:37:06","date_gmt":"2015-09-11T11:37:06","guid":{"rendered":"http:\/\/51.210.246.10\/blog\/continew-present-a-la-deuxieme-edition-du-salon-l-instant-numerique-2015\/"},"modified":"2024-07-18T17:07:33","modified_gmt":"2024-07-18T15:07:33","slug":"continew-present-a-la-deuxieme-edition-du-salon-l-instant-numerique-2015","status":"publish","type":"post","link":"https:\/\/continew.fr\/en\/blog\/continew-present-a-la-deuxieme-edition-du-salon-l-instant-numerique-2015\/","title":{"rendered":"CONTINEW pr\u00e9sent \u00e0 la 2\u00e8me \u00e9dition du Salon L&rsquo;Instant Num\u00e9rique"},"content":{"rendered":"<p>Le salon L\u2019instant num\u00e9rique se tiendra le 17 septembre prochain au Scarab\u00e9e \u00e0 Roanne. Organis\u00e9 conjointement\u00a0 par la Chambre de Commerce et d&rsquo;Industrie du Roannais, Roannais Agglom\u00e9ration et le cluster Num\u00e9link, le salon vise \u00e0 favoriser l\u2019appropriation des technologies de l\u2019information et de la communication ainsi que leurs nouveaux usages par les collectivit\u00e9s et les entreprises de la Loire et des territoires limitrophes.<\/p>\n<p>Fili\u00e8re prioritaire sur le Roannais, le num\u00e9rique fourmille de projets innovants et b\u00e9n\u00e9ficie d\u2019infrastructures locales tr\u00e8s performantes : un r\u00e9seau tr\u00e8s haut d\u00e9bit (avant l\u2019arriv\u00e9e proche de la fibre pour tous), un Datacenter public certifi\u00e9 ISO 27001, des laboratoires de l\u2019enseignement sup\u00e9rieur et plus de 140 entreprises sp\u00e9cialis\u00e9es dans les TIC.<\/p>\n<p>Ouvert aux entreprises, aux collectivit\u00e9s, \u00e0 l\u2019enseignement et \u00e0 la recherche, le salon valorise les \u00e9changes et met en avant des solutions efficaces.<\/p>\n<p>Sp\u00e9cialiste de la continuit\u00e9 num\u00e9rique des entreprises, CONTINEW sera pr\u00e9sent sur le salon. Au programme : l\u2019identification des principaux actifs \u00e0 prot\u00e9ger et les diverses options et solutions \u00e0 mettre en place simplement pour<a href=\"\/en\/\" target=\"_blank\" rel=\"noopener\"> prot\u00e9ger efficacement le patrimoine num\u00e9rique<\/a> des entreprises.<\/p>\n<p>Retrouvez-nous sur le stand B15.<\/p>\n<h3>POUR ALLER PLUS LOIN<\/h3>\n<p><a href=\"http:\/\/www.linstant-numerique.com\/\" target=\"_blank\" rel=\"noopener\">L\u2019instant Num\u00e9rique<\/a><\/p>\n<p><a href=\"\/en\/services\/telesauvegarde-externalisee-sauvegarde-en-ligne-backup\/\" target=\"_blank\" rel=\"noopener\">La protection des actifs num\u00e9riques<\/a><\/p>","protected":false},"excerpt":{"rendered":"<p>Favoriser l&#39;appropriation des technologies de l&#39;information et de la communication ainsi que leurs nouveaux usages par les entreprises, telle est l&#39;ambition affich&eacute;e de la deuxi&egrave;me &eacute;dition du salon L&#39;instant Num&eacute;rique qui se tiendra le 17 septembre<\/p>","protected":false},"author":1,"featured_media":0,"comment_status":"closed","ping_status":"closed","sticky":false,"template":"","format":"standard","meta":{"inline_featured_image":false,"footnotes":""},"categories":[99],"tags":[],"class_list":["post-13029","post","type-post","status-publish","format-standard","hentry","category-divers"],"featured_image_src":{"landsacpe":false,"list":false,"medium":false,"full":false},"_links":{"self":[{"href":"https:\/\/continew.fr\/en\/wp-json\/wp\/v2\/posts\/13029","targetHints":{"allow":["GET"]}}],"collection":[{"href":"https:\/\/continew.fr\/en\/wp-json\/wp\/v2\/posts"}],"about":[{"href":"https:\/\/continew.fr\/en\/wp-json\/wp\/v2\/types\/post"}],"author":[{"embeddable":true,"href":"https:\/\/continew.fr\/en\/wp-json\/wp\/v2\/users\/1"}],"replies":[{"embeddable":true,"href":"https:\/\/continew.fr\/en\/wp-json\/wp\/v2\/comments?post=13029"}],"version-history":[{"count":3,"href":"https:\/\/continew.fr\/en\/wp-json\/wp\/v2\/posts\/13029\/revisions"}],"predecessor-version":[{"id":14597,"href":"https:\/\/continew.fr\/en\/wp-json\/wp\/v2\/posts\/13029\/revisions\/14597"}],"wp:attachment":[{"href":"https:\/\/continew.fr\/en\/wp-json\/wp\/v2\/media?parent=13029"}],"wp:term":[{"taxonomy":"category","embeddable":true,"href":"https:\/\/continew.fr\/en\/wp-json\/wp\/v2\/categories?post=13029"},{"taxonomy":"post_tag","embeddable":true,"href":"https:\/\/continew.fr\/en\/wp-json\/wp\/v2\/tags?post=13029"}],"curies":[{"name":"wp","href":"https:\/\/api.w.org\/{rel}","templated":true}]}}